{"id":8738,"date":"2026-01-27T11:38:18","date_gmt":"2026-01-27T10:38:18","guid":{"rendered":"https:\/\/vrtecacc13.splet.arnes.si\/?p=8738"},"modified":"2026-01-27T11:52:02","modified_gmt":"2026-01-27T10:52:02","slug":"8738","status":"publish","type":"post","link":"https:\/\/vrtecacc13.splet.arnes.si\/?p=8738","title":{"rendered":"VABILO NA DOGODEK ZA STAR\u0160E &#8220;EM5IJA &#8211; CELJANI ZA MO\u010cNO POVEZANO IN EMPATI\u010cNO SKUPNOST&#8221;"},"content":{"rendered":"<p><strong>VABILO NA DOGODEK &#8220;EM5IJA &#8211; CELJANI ZA MO\u010cNO POVEZANO IN EMPATI\u010cNO SKUPNOST&#8221;<\/strong><\/p>\n<p>Spo\u0161tovani star\u0161i!<\/p>\n<p>&nbsp;<\/p>\n<p>Mestna ob\u010dina Celje star\u0161e otrok in mladostnikov, ki obiskujejo celjske vzgojno-izobra\u017eevalne ustanove, vabi na edinstven dogodek z naslovom \u00bb<strong><u><span style=\"font-family: 'Calibri',sans-serif\">EM5IJA \u2013 CELJANI ZA MO\u010cNO POVEZANO IN EMPATI\u010cNO SKUPNOST\u00ab<\/span><\/u><\/strong>, ki bo <strong><u><span style=\"font-family: 'Calibri',sans-serif\">v \u010detrtek, 12. februarja 2026, ob 17. uri v Modri dvorani Celjskega sejma.<\/span><\/u><\/strong><\/p>\n<p>Na dogodku bodo nastopili:<\/p>\n<p><strong><span style=\"font-family: 'Calibri',sans-serif\">Tanja \u017dagar<\/span><\/strong> \u2013 uspe\u0161na in priznana pevka, pianistka in profesorica glasbe, ki s svojo pozitivno energijo med ljudmi \u0161iri optimizem in veselje;<\/p>\n<p><strong><span style=\"font-family: 'Calibri',sans-serif\">dr. Katja Ko\u0161ir<\/span><\/strong> \u2013 izredna profesorica, doktorica psihologije, zaposlena na Oddelku za psihologijo Filozofske fakultete Univerze v Mariboru, strokovnjakinja na podro\u010dju nekognitivnih dejavnikov u\u010dne uspe\u0161nosti, socialnih odnosov v \u0161oli \u2013 vrstni\u0161kih odnosov, odnosov med u\u010ditelji in u\u010denci ter njihovega pomena za u\u010dno vedenje u\u010dencev in njihovega merjenja;<\/p>\n<p><strong><span style=\"font-family: 'Calibri',sans-serif\">dr. Tristan Rigler<\/span><\/strong> \u2013 doktor klini\u010dne psihologije z ve\u010d kot dvajsetletnimi delovnimi izku\u0161njami na Univerzitetni psihiatri\u010dni kliniki Ljubljana, Center za mentalno zdravje, Enota za adolescentno psihiatrijo v Ljubljani.<\/p>\n<p>Zaradi la\u017eje organizacije vas vljudno prosimo, da se na dogodek prijavite. To storite <a href=\"https:\/\/1ka.arnes.si\/a\/38949544\">na tej povezavi<\/a><\/p>\n<p>Ali s skeniranjem QR kode.<\/p>\n<p><a href=\"https:\/\/vrtecacc13.splet.arnes.si\/files\/2026\/01\/code187903-1.png\"><img loading=\"lazy\" decoding=\"async\" class=\"alignnone size-full wp-image-8739\" src=\"https:\/\/vrtecacc13.splet.arnes.si\/files\/2026\/01\/code187903-1.png\" alt=\"\" width=\"116\" height=\"116\"><\/a><\/p>\n<p>&nbsp;<\/p>\n<p>S prijaznimi pozdravi,<\/p>\n<p>Mojca Meke, ravnateljica<\/p>\n","protected":false},"excerpt":{"rendered":"<p>VABILO NA DOGODEK &#8220;EM5IJA &#8211; CELJANI ZA MO\u010cNO POVEZANO IN EMPATI\u010cNO SKUPNOST&#8221; Spo\u0161tovani star\u0161i! &nbsp; Mestna ob\u010dina Celje star\u0161e otrok in mladostnikov, ki obiskujejo celjske vzgojno-izobra\u017eevalne ustanove, vabi na edinstven dogodek z naslovom \u00bbEM5IJA \u2013 CELJANI ZA MO\u010cNO POVEZANO IN EMPATI\u010cNO SKUPNOST\u00ab, ki bo v \u010detrtek, 12. februarja 2026, ob 17. uri v Modri dvorani [&hellip;]<\/p>\n","protected":false},"author":94430,"featured_media":0,"comment_status":"closed","ping_status":"open","sticky":false,"template":"","format":"standard","meta":{"_et_pb_use_builder":"","_et_pb_old_content":"","_et_gb_content_width":"","ngg_post_thumbnail":0,"footnotes":""},"categories":[4],"tags":[],"class_list":["post-8738","post","type-post","status-publish","format-standard","hentry","category-news"],"_links":{"self":[{"href":"https:\/\/vrtecacc13.splet.arnes.si\/index.php?rest_route=\/wp\/v2\/posts\/8738","targetHints":{"allow":["GET"]}}],"collection":[{"href":"https:\/\/vrtecacc13.splet.arnes.si\/index.php?rest_route=\/wp\/v2\/posts"}],"about":[{"href":"https:\/\/vrtecacc13.splet.arnes.si\/index.php?rest_route=\/wp\/v2\/types\/post"}],"author":[{"embeddable":true,"href":"https:\/\/vrtecacc13.splet.arnes.si\/index.php?rest_route=\/wp\/v2\/users\/94430"}],"replies":[{"embeddable":true,"href":"https:\/\/vrtecacc13.splet.arnes.si\/index.php?rest_route=%2Fwp%2Fv2%2Fcomments&post=8738"}],"version-history":[{"count":2,"href":"https:\/\/vrtecacc13.splet.arnes.si\/index.php?rest_route=\/wp\/v2\/posts\/8738\/revisions"}],"predecessor-version":[{"id":8741,"href":"https:\/\/vrtecacc13.splet.arnes.si\/index.php?rest_route=\/wp\/v2\/posts\/8738\/revisions\/8741"}],"wp:attachment":[{"href":"https:\/\/vrtecacc13.splet.arnes.si\/index.php?rest_route=%2Fwp%2Fv2%2Fmedia&parent=8738"}],"wp:term":[{"taxonomy":"category","embeddable":true,"href":"https:\/\/vrtecacc13.splet.arnes.si\/index.php?rest_route=%2Fwp%2Fv2%2Fcategories&post=8738"},{"taxonomy":"post_tag","embeddable":true,"href":"https:\/\/vrtecacc13.splet.arnes.si\/index.php?rest_route=%2Fwp%2Fv2%2Ftags&post=8738"}],"curies":[{"name":"wp","href":"https:\/\/api.w.org\/{rel}","templated":true}]}}